{"id":3787,"date":"2017-11-08T12:23:25","date_gmt":"2017-11-08T10:23:25","guid":{"rendered":"https:\/\/www.schornsteinmarkt.de\/rauchzeichen\/?p=3787"},"modified":"2023-01-27T14:00:31","modified_gmt":"2023-01-27T12:00:31","slug":"die-ofenampel-gedankenspiele","status":"publish","type":"post","link":"https:\/\/www.cafiro.de\/rauchzeichen\/die-ofenampel-gedankenspiele\/","title":{"rendered":"<b>Die Ofenampel<\/b> &#8211; Gedankenspiele"},"content":{"rendered":"<p><img loading=\"lazy\" decoding=\"async\" class=\"alignleft wp-image-1865 size-full linkmaske\" title=\"Feuer am Kamin\" src=\"\/rauchzeichen\/wp-content\/uploads\/2016\/01\/ofenampel.jpg\" alt=\"Ofenampel- Gedankenspiele\" width=\"702\" height=\"361\" data-id=\"post-link-3787\"><\/p>\n<p>Die Ofenampel kommt ab 01.01.2018 und wird in Deutschland fl\u00e4chendeckend Pflicht. Was eine gute gemeinte Initiative ist, ist m\u00f6glicherweise der Sargnagel am Grab des Fachhandels.<br \/>\nDieser Artikel basiert eher auf der Einsch\u00e4tzung zur Marktentwicklung. Es ist ein kleiner Blick in die Zukunft ohne den Anspruch zu haben jedes Detail korrekt wiederzugeben. Es darf und soll dazu gerne andere Meinungen geben. Eine Streitschrift also&#8230;<br \/>\n<!--more--><\/p>\n<h2>Legen wir los &#8211; Die Ofenampel kommt also<\/h2>\n<p>P\u00fcnktlich zum 01.01.2018 kommt also die Kennzeichnungspflicht f\u00fcr Holzfeuerst\u00e4tten. Wir haben dazu bereits in einem <a href=\"\/rauchzeichen\/die-ofenampel-kommt-was-sie-wissen-muessen\/\">anderen Beitrag<\/a> berichtet.<\/p>\n<p>&nbsp;<\/p>\n<p>Es wird also erforderlich sein alle \u00d6fen ob alt ob jung mit einem entsprechenden Label zu best\u00fccken und zwar unabh\u00e4ngig von dem Verkaufsort. Da kommt eine Menge Arbeit auf den Schornsteinfeger zu.<\/p>\n<p>&nbsp;<\/p>\n<p>Die Geschichte zu dieser Ma\u00dfnahme beginnt aber eigentlich bereits weit vor dem Jahr 2010. Wir erinnern uns an die novellierte Bundesimmissionsschutzverordnung und die damit einhergehenden Stilllegungs- und Nachr\u00fcstfristen f\u00fcr Einzelraumfeuerst\u00e4tten. Auch dazu haben wir mehrfach berichtet und einige unserer damaligen Aussagen bewahrheiten sich jetzt.<\/p>\n<p>&nbsp;<\/p>\n<p>Wer es nochmal nachlesen will wie der HKI damals argumentiert hat, haben wir die <a href=\"http:\/\/hki-online.de\/presse\/pdfs\/feuerstaettenampel-hilft-bei-der-bewertung-von-feuerstaetten-fuer-feste-brennstoffe_20160912.pdf\" target=\"_blank\" rel=\"noopener noreferrer\">Pressemitteilung nochmal verlinkt<\/a>.<\/p>\n<p>&nbsp;<\/p>\n<p>Es ist n\u00e4mlich weder heute noch war es damals der Fall, dass die kalkulierten 4,2 Millionen betroffenen Feuerst\u00e4tten im Markt aufgetaucht sind. Sie sind auch nicht abgetaucht, respektive stillgelegt wurden. Viele davon laufen noch immer und werden dies dank Ausnahmegenehmigung und &#8222;Augen zu&#8220; auch weiterhin.<\/p>\n<p>&nbsp;<\/p>\n<p>Bitte nicht falsch verstehen &#8211; ich und viele meiner Branchenkollegen haben diese Grenzwerte von Anfang an als v\u00f6llig absurd bezeichnet. Nicht das die \u00d6fen diese nicht einhalten k\u00f6nnten. Das Problem steht aber einen Meter vor dem Ofen.<\/p>\n<p>&nbsp;<\/p>\n<p>Ohne die Nutzer damit zu diskreditieren, muss offen benannt werden, dass das Holz und der jeweilige &#8222;Einheizer&#8220; \u00fcber einen guten oder schlechten Abbrand entscheiden. Kein Label, keine Marke, Pr\u00fcfinstitut oder sonst wer spielt auch nur ansatzweise eine bedeutendere Rolle. Und eins darf ich nach \u00fcber 20 Jahren in der Branche sicher sagen: Die Hauptakteure wissen von ihrer Rolle nichts.<\/p>\n<h2>Wie konnte es dazu kommen<\/h2>\n<p>Es sollten also viele Feuerst\u00e4tten ausgetauscht werden. Nach sehr kurzer Zeit stellte man aber fest, dass dies nicht der Fall war. Ich erinnere mich an Zahlen, dass bis 2015 nicht einmal 10% der erforderlichen Ger\u00e4te ausgetauscht oder stillgelegt wurden. Der Gesch\u00e4ftsf\u00fchrer des Branchenverbandes HKI hat in einem <a href=\"http:\/\/hki-online.de\/presse\/pdfs\/hki-pressemitteilung_interview-ofentausch_1_1.pdf\" target=\"_blank\" rel=\"noopener noreferrer\">internen Interview<\/a> eine Zahl von 100.000 Ger\u00e4ten genannt.<\/p>\n<p>&nbsp;<\/p>\n<p>Es h\u00e4tten zu diesem Zeitpunkt nach vorherigen Sch\u00e4tzungen bereits ca. 1 Mio. sein m\u00fcssen. Warum schie\u00dft mir jetzt ein alter Schlagertext in den Kopf &#8211;&nbsp;Nana Mouskouri l\u00e4sst gr\u00fc\u00dfen.<\/p>\n<p>&nbsp;<\/p>\n<p>Die Antwort ist so einfach wie bizarr. Der Gesetzgeber hat den Bock zum G\u00e4rtner gemacht und ihn auch noch mit einem stumpfen Schwert ausgestattet &#8211; entschuldigt liebe Schornsteinfeger &#8211; und die schwarze Zunft zu Marktteilnehmern gemacht ohne die Kompetenz der Stillegung in seine H\u00e4nde zu legen.<\/p>\n<p>&nbsp;<\/p>\n<p>Die freie Wahl des Schornsteinfegers f\u00fcr Kehr- und Messarbeiten hat dazu gef\u00fchrt, dass der Anbieter dem Kunden gehorcht und nicht wie vorher umgekehrt. Die letztliche Stilllegung von Feuerst\u00e4tten erfolgt durch die zust\u00e4ndigen Beh\u00f6rden an die der Schornsteinfeger meldet.<\/p>\n<p>&nbsp;<\/p>\n<p>Als das Problem erkannt wurde war es eigentlich schon zu sp\u00e4t. Die Schornsteinfeger hatten bereits seit gut vier Jahren ein anderes Verst\u00e4ndnis f\u00fcr ihr Gesch\u00e4ft entwickelt und wollten sich nicht recht motivieren lassen, gegen ihre eigenen wirtschaftlichen Interessen zu arbeiten.<\/p>\n<p>&nbsp;<\/p>\n<p>Da der HKI immer wieder die Senkung der <a href=\"http:\/\/hki-online.de\/presse\/pdfs\/zuegiger-austausch-veralteter-feuerstaetten-kann-emissionen-nachhaltig-senken_20161027.pdf\" target=\"_blank\" rel=\"noopener noreferrer\">Emmissionen von bis zu 85 %<\/a> durch den Austausch propagierte aber sich inzwischen auch in der Politik und bei Umweltverb\u00e4nden Widerstand zeigte war die Idee der Ofenampel geboren.<\/p>\n<h2>Das Spiel mit der Eitelkeit und deren (m\u00f6gliche) Folgen<\/h2>\n<p>Die Beschleunigung der Umsetzung zur Stilllegung von Feuerst\u00e4tten war bzw. ist also das vorrangige Ziel der Ampel. Ich bin sicher, dass dies auch ein ganzes St\u00fcck dazu beitragen wird.<\/p>\n<p>&nbsp;<\/p>\n<p>Man wird nicht die Nutzer bekommen die eine Ausnahmegenehmigung nach der anderen erhalten, Schornsteinfeger die die &#8222;Messger\u00e4te falsch bedienen&#8220; oder unmotivierte Beh\u00f6rden die lieber Streit aus dem Weg gehen &#8211; man wird aber den Gro\u00dfteil zum Umdenken bewegen.<\/p>\n<p>&nbsp;<\/p>\n<p>Zu sch\u00f6n sind doch die gr\u00fcnen Farben an der Spitze und wer will nur ein B oder gar C Ofen haben? Das Spiel mit der Eitelkeit hat begonnen. Der nichts ahnende Nutzer freut sich wie Bolle endlich den alten Stinker rauszuschmei\u00dfen und durch einen modernen Ofen mit A+ Plakette auszutauschen. Die die sich nicht sofort \u00fcberzeugen lassen, m\u00fcssen ihre Schande dann offen tragen und sich wom\u00f6glich noch als Umweltverpesster oder schlimmeres beschimpfen lassen.<\/p>\n<p>&nbsp;<\/p>\n<p>Alle die das aushalten, werden sich zun\u00e4chst wundern, dass der Nachbar mit seinem neuen Ofen immer noch schwarzen statt wei\u00dfen Rauch produziert &#8211; also alle die mal kurz nachdenken &#8211; bevor eine Flut von Nachrichten aus Umweltverb\u00e4nden wie der Deutschen Umwelthilfe (Axel Friedrich steht schon in den Startl\u00f6chern) auch die letzten Zweifler zu \u00dcberzeugungst\u00e4tern macht.<\/p>\n<h2>Und wie geht es weiter<\/h2>\n<p>Dann liebe Branchenkollegen sind vielleicht zwei bis drei Jahre vergangen und wir haben endlich eine bl\u00fctenreine Weste. Aber viele der Ofenstudios werden nicht mehr da sein.<\/p>\n<p>Seien wir mal ehrlich: Wir haben seit ca. drei Jahren fallende Zahlen im Gesamtmarkt obwohl die BimschV. bereits sieben Jahre alt ist. Und wenn wir noch ein bisschen mehr ehrlich sind, wissen wir alle das die Zahlen des HKI nicht das Papier wert sind auf dem sie stehen.<\/p>\n<p>&nbsp;<\/p>\n<p>Ich muss an der Stelle wohl so arrogant und brutal sein wie es geht. Das Austauschgesch\u00e4ft wird gr\u00f6\u00dftenteils am Fachhandel vorbei gehen und wenn es vorbei ist, werdet ihr euer Fachhandelsnetz nicht wieder erkennen.<\/p>\n<p>&nbsp;<\/p>\n<p>Wer ernsthaft daran glaubt, dass wir mit der Ofenampel den Baumarkt ausstechen oder den Einbruch im Preisbereich 2000-3000 EUR auffangen dem ist nicht zu helfen.<\/p>\n<p>&nbsp;<\/p>\n<p>Wir wissen alle um die sensationell guten Pr\u00fcfverfahren (VW l\u00e4sst gr\u00fc\u00dfen) und das ge\u00e4nderte Kaufverhalten. Wir wissen alle das der Ofen nicht mehr den Stellenwert hat. Es ist von einer Prim\u00e4rheizquelle zu einem M\u00f6belst\u00fcck geworden &#8211; Stellenwert = Sofaniveau.<\/p>\n<h2>Zwei Szenarien &#8211; keines davon gut<\/h2>\n<p>Und ganz offensichtlich wird der Baumarkt sich keine Ger\u00e4te mit einer Bewertung schlechter als B hinstellen.<\/p>\n<p>&nbsp;<\/p>\n<p><em>Ironie an;<\/em> Die verkaufen sich so schlecht und werden dank der guten Messverfahren ja auch quasi gar nicht angeboten.<em> Ironie aus;<\/em><\/p>\n<p>&nbsp;<\/p>\n<p>Es ist also m\u00f6glich, dass die alten Blechb\u00fcchsen aus dem Baumarkt sch\u00f6ne neue Labels bekommen und ihr euren Kunden dann den Unterschied zwischen einem A Ger\u00e4t f\u00fcr 1000 EUR und einem A+ Ger\u00e4t f\u00fcr 2500 EUR erkl\u00e4ren d\u00fcrft oder das die 2500 EUR Ger\u00e4te, wie in anderen europ\u00e4ischen L\u00e4ndern, auch bald im Baumarkt landen.<\/p>\n<p>&nbsp;<\/p>\n<p>Der gute alte Ofenbauer, wenn es ihn den noch gibt, wird weiter sein Auskommen haben. Die Ofenstudios werden nochmal eine richtige Party feiern k\u00f6nnen und den anschlie\u00dfenden Kater v\u00f6llig ausblenden. Es muss getanzt werden solange die Musik spielt.<\/p>\n<p>&nbsp;<\/p>\n<p>Das Aufwachen wird f\u00fcr viele aber ungem\u00fctlich werden. Der <a href=\"https:\/\/de.wikipedia.org\/wiki\/%C3%96kodesign-Richtlinie\" target=\"_blank\" rel=\"noopener noreferrer\">\u00d6kodesign Richtlinie<\/a> sei Dank&nbsp; k\u00f6nnen dann auch noch &#8222;bessere \u00d6fen&#8220; in allen Verkaufsstellen angeboten werden und die Unterscheidbarkeit schrumpft auf das Aussehen herunter.<\/p>\n<p>&nbsp;<\/p>\n<p>Wer jetzt das Schwert &#8222;Beratung&#8220; schwingt dem seien zwei Worte zu gerufen: Internet und Hark. W\u00e4hrend ich Hark eher als Verlierer im Markt sehe, wird das Internet dank Augmented Reality, der allgegenw\u00e4rtigen Logistik und schlie\u00dflich dem Kaufverhalten gewinnen.<\/p>\n<h3>Meine Fragen<\/h3>\n<p>Letztlich darf ja bereits jetzt der Gebietsschutz, den es noch vor wenigen Jahren fl\u00e4chendeckend gab, als beendet erkl\u00e4rt werden. Was aber macht der Au\u00dfendienst eines Herstellers noch, wenn der Blick auf eine einfache Skala \u00fcber Wohl und Wehe entscheidet?<\/p>\n<p>&nbsp;<\/p>\n<p>Achso ja. Auch eine ganz wichtige Frage: Wenn wir uns jetzt schon kaum argumentativ gegen die Feinstaubdebatte wehren k\u00f6nnen, ist die Ofenampel dann nicht ein Sargnagel so dick wie ein Phallus?<\/p>\n<p>&nbsp;<\/p>\n<p>Als J\u00e4ger f\u00e4llt mir dazu sofort ein waidm\u00e4nnischer Spruch ein: &#8222;Hose runter &#8211; Holzgewehr&#8220;.<\/p>\n<p>&nbsp;<\/p>\n","protected":false},"excerpt":{"rendered":"<p>Die Ofenampel kommt ab 01.01.2018 und wird in Deutschland fl\u00e4chendeckend Pflicht. Was eine gute gemeinte Initiative ist, ist m\u00f6glicherweise der Sargnagel am Grab des Fachhandels. Dieser Artikel basiert eher auf der Einsch\u00e4tzung zur Marktentwicklung. Es ist ein kleiner Blick in die Zukunft ohne den Anspruch zu haben jedes Detail korrekt wiederzugeben. Es darf und soll [&hellip;]<\/p>\n","protected":false},"author":1,"featured_media":0,"comment_status":"open","ping_status":"open","sticky":false,"template":"","format":"standard","meta":{"footnotes":""},"categories":[1],"tags":[62,59,246],"_links":{"self":[{"href":"https:\/\/www.cafiro.de\/rauchzeichen\/wp-json\/wp\/v2\/posts\/3787"}],"collection":[{"href":"https:\/\/www.cafiro.de\/rauchzeichen\/wp-json\/wp\/v2\/posts"}],"about":[{"href":"https:\/\/www.cafiro.de\/rauchzeichen\/wp-json\/wp\/v2\/types\/post"}],"author":[{"embeddable":true,"href":"https:\/\/www.cafiro.de\/rauchzeichen\/wp-json\/wp\/v2\/users\/1"}],"replies":[{"embeddable":true,"href":"https:\/\/www.cafiro.de\/rauchzeichen\/wp-json\/wp\/v2\/comments?post=3787"}],"version-history":[{"count":14,"href":"https:\/\/www.cafiro.de\/rauchzeichen\/wp-json\/wp\/v2\/posts\/3787\/revisions"}],"predecessor-version":[{"id":8662,"href":"https:\/\/www.cafiro.de\/rauchzeichen\/wp-json\/wp\/v2\/posts\/3787\/revisions\/8662"}],"wp:attachment":[{"href":"https:\/\/www.cafiro.de\/rauchzeichen\/wp-json\/wp\/v2\/media?parent=3787"}],"wp:term":[{"taxonomy":"category","embeddable":true,"href":"https:\/\/www.cafiro.de\/rauchzeichen\/wp-json\/wp\/v2\/categories?post=3787"},{"taxonomy":"post_tag","embeddable":true,"href":"https:\/\/www.cafiro.de\/rauchzeichen\/wp-json\/wp\/v2\/tags?post=3787"}],"curies":[{"name":"wp","href":"https:\/\/api.w.org\/{rel}","templated":true}]}}