{"id":2722,"date":"2017-01-17T16:18:55","date_gmt":"2017-01-17T14:18:55","guid":{"rendered":"https:\/\/www.schornsteinmarkt.de\/rauchzeichen\/?p=2722"},"modified":"2018-11-29T20:09:14","modified_gmt":"2018-11-29T18:09:14","slug":"der-kaminofen-ventilator-haelt-er-was-er-verspricht","status":"publish","type":"post","link":"https:\/\/www.cafiro.de\/rauchzeichen\/der-kaminofen-ventilator-haelt-er-was-er-verspricht\/","title":{"rendered":"<b>Der Kaminofen-Ventilator<\/b> &#8211; H\u00e4lt er, was er verspricht?"},"content":{"rendered":"<img loading=\"lazy\" decoding=\"async\" class=\"alignleft wp-image-2749 size-full\" title=\"Waermebild mit Kaminofen-Ventilator\" src=\"https:\/\/www.cafiro.de\/rauchzeichen\/wp-content\/uploads\/2017\/01\/kaminofenventilator.jpg\" alt=\"Waermebild mit Luftzirkulation durch Kaminofen-Ventilator\" width=\"702\" height=\"361\" srcset=\"https:\/\/www.cafiro.de\/rauchzeichen\/wp-content\/uploads\/2017\/01\/kaminofenventilator.jpg 702w, https:\/\/www.cafiro.de\/rauchzeichen\/wp-content\/uploads\/2017\/01\/kaminofenventilator-300x154.jpg 300w, https:\/\/www.cafiro.de\/rauchzeichen\/wp-content\/uploads\/2017\/01\/kaminofenventilator-624x321.jpg 624w\" sizes=\"(max-width: 702px) 100vw, 702px\" \/>\n<p style=\"text-align: left;\">Warmer Kopf und kalte F\u00fc\u00dfe? Wer kennt das nicht? Der Kaminofen heizt, doch die warme Luft bleibt \u00a0unter der Decke und unten am Boden ist es kalt. Sicherlich haben Sie auch schon \u00fcberlegt, wie Sie Ihre R\u00e4umlichkeiten unkompliziert, nachhaltig und umweltschonend mit W\u00e4rme versorgen k\u00f6nnen. Um gleichm\u00e4\u00dfig wohlige W\u00e4rme im Raum zu erzeugen, muss die Luft dauerhaft zirkulieren.<\/p>\n<h2 style=\"text-align: left;\"><!--more-->Wie aber l\u00e4sst sich die nach oben abgegebene Warmluft gleichm\u00e4\u00dfig im Raum verteilen?<\/h2>\n<p>Mit einem Deckenventilator lie\u00dfe sich die warme Luft nach unten dr\u00fccken. Das w\u00fcrde aber eine Montage und eine entsprechende Deckenh\u00f6he voraussetzen. Auch ein aktives Gebl\u00e4se w\u00fcrde die Luft im Raum zirkulieren lassen. Dann m\u00fcsste man aber eine immense Ger\u00e4uschentwicklung in Kauf nehmen.<\/p>\n<h2>K\u00f6nnte ein\u00a0Kaminofen-Ventilator das Mittel der Wahl sein?<\/h2>\n<p>Der <a href=\"\/kaminofen-ventilator\/\" target=\"_blank\" rel=\"noopener noreferrer\">Ofenventilator<\/a> funktioniert ohne Strom ger\u00e4uschlos auf Grundlage der Thermoelektrik.\u00a0Wir wollten wissen, wie effektiv die Warmluftverteilung im Raum mit einem solchen Ventilator ist und haben den Kaminofen Ventilator Ecofan 812 XBX AirMax einem Praxistest unterzogen.<\/p>\n<p>&nbsp;<\/p>\n<p>Das folgende Video stammt von Daniel Schellenberger. Er hat den Kaminofen-Ventilator ausf\u00fchrlich f\u00fcr uns getestet.<\/p>\n<p>&nbsp;<\/p>\n<p><iframe loading=\"lazy\" width=\"625\" height=\"352\" src=\"https:\/\/www.youtube.com\/embed\/Nd_vHFRszCE?feature=oembed\" frameborder=\"0\" allow=\"accelerometer; autoplay; encrypted-media; gyroscope; picture-in-picture\" allowfullscreen><\/iframe><\/p>\n<p>M\u00f6chten Sie mehr \u00fcber die Funktionsweise des \u00a0Ventilators und den <a href=\"https:\/\/de.wikipedia.org\/wiki\/Thermoelektrizit%C3%A4t\" target=\"_blank\" rel=\"noopener noreferrer\"> Seebeck-Effekt<\/a> erfahren, dann lesen Sie unseren Blog-Artikel <a href=\"https:\/\/www.cafiro.de\/rauchzeichen\/how-to-wie-funktioniert-ein-kaminofen-ventilator\/1435\" target=\"_self\">\u201eWie funktioniert ein Kaminofen-Ventilator\u201c<\/a> .<\/p>\n","protected":false},"excerpt":{"rendered":"<p>Warmer Kopf und kalte F\u00fc\u00dfe? Wer kennt das nicht? Der Kaminofen heizt, doch die warme Luft bleibt \u00a0unter der Decke und unten am Boden ist es kalt. Sicherlich haben Sie auch schon \u00fcberlegt, wie Sie Ihre R\u00e4umlichkeiten unkompliziert, nachhaltig und umweltschonend mit W\u00e4rme versorgen k\u00f6nnen. Um gleichm\u00e4\u00dfig wohlige W\u00e4rme im Raum zu erzeugen, muss die [&hellip;]<\/p>\n","protected":false},"author":1,"featured_media":0,"comment_status":"open","ping_status":"open","sticky":false,"template":"","format":"standard","meta":{"footnotes":""},"categories":[17,45,111],"tags":[59,164,292],"_links":{"self":[{"href":"https:\/\/www.cafiro.de\/rauchzeichen\/wp-json\/wp\/v2\/posts\/2722"}],"collection":[{"href":"https:\/\/www.cafiro.de\/rauchzeichen\/wp-json\/wp\/v2\/posts"}],"about":[{"href":"https:\/\/www.cafiro.de\/rauchzeichen\/wp-json\/wp\/v2\/types\/post"}],"author":[{"embeddable":true,"href":"https:\/\/www.cafiro.de\/rauchzeichen\/wp-json\/wp\/v2\/users\/1"}],"replies":[{"embeddable":true,"href":"https:\/\/www.cafiro.de\/rauchzeichen\/wp-json\/wp\/v2\/comments?post=2722"}],"version-history":[{"count":45,"href":"https:\/\/www.cafiro.de\/rauchzeichen\/wp-json\/wp\/v2\/posts\/2722\/revisions"}],"predecessor-version":[{"id":4484,"href":"https:\/\/www.cafiro.de\/rauchzeichen\/wp-json\/wp\/v2\/posts\/2722\/revisions\/4484"}],"wp:attachment":[{"href":"https:\/\/www.cafiro.de\/rauchzeichen\/wp-json\/wp\/v2\/media?parent=2722"}],"wp:term":[{"taxonomy":"category","embeddable":true,"href":"https:\/\/www.cafiro.de\/rauchzeichen\/wp-json\/wp\/v2\/categories?post=2722"},{"taxonomy":"post_tag","embeddable":true,"href":"https:\/\/www.cafiro.de\/rauchzeichen\/wp-json\/wp\/v2\/tags?post=2722"}],"curies":[{"name":"wp","href":"https:\/\/api.w.org\/{rel}","templated":true}]}}