{"id":2117,"date":"2015-09-11T16:00:21","date_gmt":"2015-09-11T14:00:21","guid":{"rendered":"https:\/\/www.schornsteinmarkt.de\/rauchzeichen\/?p=2117"},"modified":"2023-01-27T12:47:53","modified_gmt":"2023-01-27T10:47:53","slug":"brennholzpreis-im-august-jetzt-aber-schnell","status":"publish","type":"post","link":"https:\/\/www.cafiro.de\/rauchzeichen\/brennholzpreis-im-august-jetzt-aber-schnell\/","title":{"rendered":"<b>Brennholzpreis im August<\/b> \u2013 jetzt aber schnell"},"content":{"rendered":"<p><img loading=\"lazy\" decoding=\"async\" class=\"alignleft wp-image-1625 size-full linkmaske\" title=\"Brennholzpreis im August - jetzt aber schnell\" src=\"\/rauchzeichen\/wp-content\/uploads\/2015\/04\/Baumstaemme.jpg\" alt=\"Baumst\u00e4mme f\u00fcr Brennholz\" width=\"702\" height=\"361\" data-id=\"post-link-2117\" srcset=\"https:\/\/www.cafiro.de\/rauchzeichen\/wp-content\/uploads\/2015\/04\/Baumstaemme.jpg 702w, https:\/\/www.cafiro.de\/rauchzeichen\/wp-content\/uploads\/2015\/04\/Baumstaemme-300x154.jpg 300w, https:\/\/www.cafiro.de\/rauchzeichen\/wp-content\/uploads\/2015\/04\/Baumstaemme-624x321.jpg 624w\" sizes=\"(max-width: 702px) 100vw, 702px\" \/><\/p>\n<p>Dringender Handlungsbedarf f\u00fcr all diejenigen, die ihr Zuhause diesen Herbst und Winter mit Holz befeuern m\u00f6chten. Erstmals seit Dezember 2014 stieg im letzten Monat der Preis f\u00fcr trockenes, ofenfertiges Kaminholz wieder an. Wer also noch nicht ausreichend Feuerholz f\u00fcr die kalten Tage auf Lager hat, sollte sich ranhalten. Denn die Preise werden aller Voraussicht nach bis zum Ende des Jahres immer weiter steigen.<!--more--><\/p>\n<h2>Monatstypischer Anstieg im August<\/h2>\n<p>Wie auch in den letzten Jahren stieg laut dem <a href=\"http:\/\/brennholzpreise.de\/\" target=\"_blank\" rel=\"noopener noreferrer\">Brenntix Index<\/a> der Preis f\u00fcr Brennholz auch dieses Jahr im Monat August wieder ein wenig an. W\u00e4hrend man f\u00fcr einen Sch\u00fcttraummeter Buchenholz im Juli durchschnittlich nur 78,25 bezahlen musste, waren es im August f\u00fcr die gleiche Menge Feuerholz bereits 78,47 Euro. Orientiert man sich an den Preisentwicklungen der letzten Jahre wird sich der Preis f\u00fcr Kaminholz auch in den n\u00e4chsten Monaten immer weiter nach oben bewegen. Erst ab Januar wird sich das Preisniveau erfahrungsgem\u00e4\u00df wieder ein wenig entspannen.<\/p>\n<h2>Schwankungen beim Brennholzpreis innerhalb des Landes<\/h2>\n<p>Tendenziell ist bei den Brennholzpreisen ein Gef\u00e4lle zwischen den einzelnen Bundesl\u00e4ndern zu beobachten. W\u00e4hrend man im Norden und Osten eher etwas weniger f\u00fcr den Sch\u00fcttraummeter zahlen muss, ist der Preis f\u00fcr ofenfertiges Holz im S\u00fcden des Landes ein wenig h\u00f6her. Diese l\u00e4nderspezifischen Schwankungen sind beim Durchschnittspreis des Brenntix Index bereits mit einberechnet.<\/p>\n<h2>Fazit<\/h2>\n<p>Die Temperaturen sinken, der Bedarf an Brennholz steigt. Wer noch nicht ausreichend Brennmaterial zuhause hat, sollte sich jetzt schnellstm\u00f6glich ranhalten. Billiger wird es dieses Jahr wahrscheinlich nicht mehr.<\/p>\n","protected":false},"excerpt":{"rendered":"<p>Dringender Handlungsbedarf f\u00fcr all diejenigen, die ihr Zuhause diesen Herbst und Winter mit Holz befeuern m\u00f6chten. Erstmals seit Dezember 2014 stieg im letzten Monat der Preis f\u00fcr trockenes, ofenfertiges Kaminholz wieder an. Wer also noch nicht ausreichend Feuerholz f\u00fcr die kalten Tage auf Lager hat, sollte sich ranhalten. Denn die Preise werden aller Voraussicht nach [&hellip;]<\/p>\n","protected":false},"author":18,"featured_media":0,"comment_status":"open","ping_status":"open","sticky":false,"template":"","format":"standard","meta":{"footnotes":""},"categories":[111],"tags":[100,99,176],"_links":{"self":[{"href":"https:\/\/www.cafiro.de\/rauchzeichen\/wp-json\/wp\/v2\/posts\/2117"}],"collection":[{"href":"https:\/\/www.cafiro.de\/rauchzeichen\/wp-json\/wp\/v2\/posts"}],"about":[{"href":"https:\/\/www.cafiro.de\/rauchzeichen\/wp-json\/wp\/v2\/types\/post"}],"author":[{"embeddable":true,"href":"https:\/\/www.cafiro.de\/rauchzeichen\/wp-json\/wp\/v2\/users\/18"}],"replies":[{"embeddable":true,"href":"https:\/\/www.cafiro.de\/rauchzeichen\/wp-json\/wp\/v2\/comments?post=2117"}],"version-history":[{"count":4,"href":"https:\/\/www.cafiro.de\/rauchzeichen\/wp-json\/wp\/v2\/posts\/2117\/revisions"}],"predecessor-version":[{"id":8569,"href":"https:\/\/www.cafiro.de\/rauchzeichen\/wp-json\/wp\/v2\/posts\/2117\/revisions\/8569"}],"wp:attachment":[{"href":"https:\/\/www.cafiro.de\/rauchzeichen\/wp-json\/wp\/v2\/media?parent=2117"}],"wp:term":[{"taxonomy":"category","embeddable":true,"href":"https:\/\/www.cafiro.de\/rauchzeichen\/wp-json\/wp\/v2\/categories?post=2117"},{"taxonomy":"post_tag","embeddable":true,"href":"https:\/\/www.cafiro.de\/rauchzeichen\/wp-json\/wp\/v2\/tags?post=2117"}],"curies":[{"name":"wp","href":"https:\/\/api.w.org\/{rel}","templated":true}]}}