{"id":2005,"date":"2015-08-01T13:47:35","date_gmt":"2015-08-01T11:47:35","guid":{"rendered":"https:\/\/www.schornsteinmarkt.de\/rauchzeichen\/?p=2005"},"modified":"2023-01-27T13:28:32","modified_gmt":"2023-01-27T11:28:32","slug":"pelletpreisindex-kw312015-niedriges-preisniveau-konstant","status":"publish","type":"post","link":"https:\/\/www.cafiro.de\/rauchzeichen\/pelletpreisindex-kw312015-niedriges-preisniveau-konstant\/","title":{"rendered":"<b>Pelletpreisindex KW31\/2015<\/b> \u2013 niedriges Preisniveau konstant"},"content":{"rendered":"<p><img loading=\"lazy\" decoding=\"async\" class=\"alignleft wp-image-1961 size-full linkmaske\" title=\"Pelletpreisindex 31\/2015 \u2013 niedriges Preisniveau konstant\" src=\"\/rauchzeichen\/wp-content\/uploads\/2015\/01\/Preisentwicklung-Holzpellets.jpg\" alt=\"Holzpellets mit Euro-Scheinen und Taschenrechner\" width=\"702\" height=\"361\" data-id=\"post-link-2005\"><\/p>\n<p>Die Pelletpreise liegen im Sommer erwartungsgem\u00e4\u00df auf einem konstant niedrigen Niveau. Der Blick auf die g\u00e4ngigen Vergleichsquellen im Netz zeigt, dass es keine nennenswerten Bewegungen gab. F\u00fcr Pelletofenbesitzer empfiehlt es sich deshalb immer noch, den Pelletvorrat f\u00fcr den Winter aufzustocken. Noch befinden wir uns in den Sommermonaten, doch die Preise k\u00f6nnen schnell wieder steigen, wenn die Heizsaison n\u00e4her r\u00fcckt.<!--more-->Der DEPV hat f\u00fcr den August noch keine aktuellen Zahlen f\u00fcr einen neuen Pelletpreisindex vorgelegt. Auch bei heizpellets24.de zeigt sich keine Ver\u00e4nderung im Vergleich zur letzten Woche. Somit f\u00e4llt die Wochenschau auf die Pelletpreise heute etwas k\u00fcrzer aus. Es bleibt bei der Empfehlung an Pelletofenbesitzer, jetzt die Vorr\u00e4te aufzustocken.<\/p>\n<h2>Pellet-News<\/h2>\n<ul>\n<li>Die steigende Nachfrage nach Holzpellets scheint auch einen der gr\u00f6\u00dften, deutschen Pellethersteller, German Pellets, zu befl\u00fcgeln. Das Unternehmen hat mitgeteilt, dass es seine <a href=\"https:\/\/www.boerse-go.de\/nachricht\/german-pellets-verdoppelt-produktionskapazitaet-am-us-standort-urania,a4281857.html\">Produktionskapazit\u00e4ten mit einem neuen Werk in den USA verdoppelt<\/a> habe.<\/li>\n<li>Es gibt immer mehr Beispiele f\u00fcr die erfolgreiche Umstellung auf Holzpellets. <a href=\"http:\/\/www.derwesten.de\/staedte\/oberhausen\/mit-holzpellets-oekologisch-in-oberhausen-heizen-id10916465.html\">Hier in der WAZ<\/a> wird \u00fcber eine Familie aus Oberhausen berichtet, die jetzt mit Pellets heizt und Bewohner zur Besichtigung der Anlage eingeladen hatte.<\/li>\n<li>Grillen mit Pellets: <a href=\"http:\/\/www.welt.de\/icon\/article144230254\/Mit-diesen-drei-Hightech-Grills-gehts-auch-ohne-Kohle.html\">In einem Beitrag der Welt<\/a> wird vorgestellt, wie es sich mit einem Pelletgrill grillen l\u00e4sst. Das Ger\u00e4t wird mit zwei weiteren alternativen Grilltypen verglichen.<\/li>\n<\/ul>\n","protected":false},"excerpt":{"rendered":"<p>Die Pelletpreise liegen im Sommer erwartungsgem\u00e4\u00df auf einem konstant niedrigen Niveau. Der Blick auf die g\u00e4ngigen Vergleichsquellen im Netz zeigt, dass es keine nennenswerten Bewegungen gab. F\u00fcr Pelletofenbesitzer empfiehlt es sich deshalb immer noch, den Pelletvorrat f\u00fcr den Winter aufzustocken. Noch befinden wir uns in den Sommermonaten, doch die Preise k\u00f6nnen schnell wieder steigen, wenn [&hellip;]<\/p>\n","protected":false},"author":18,"featured_media":0,"comment_status":"open","ping_status":"open","sticky":false,"template":"","format":"standard","meta":{"footnotes":""},"categories":[45],"tags":[178,186],"_links":{"self":[{"href":"https:\/\/www.cafiro.de\/rauchzeichen\/wp-json\/wp\/v2\/posts\/2005"}],"collection":[{"href":"https:\/\/www.cafiro.de\/rauchzeichen\/wp-json\/wp\/v2\/posts"}],"about":[{"href":"https:\/\/www.cafiro.de\/rauchzeichen\/wp-json\/wp\/v2\/types\/post"}],"author":[{"embeddable":true,"href":"https:\/\/www.cafiro.de\/rauchzeichen\/wp-json\/wp\/v2\/users\/18"}],"replies":[{"embeddable":true,"href":"https:\/\/www.cafiro.de\/rauchzeichen\/wp-json\/wp\/v2\/comments?post=2005"}],"version-history":[{"count":3,"href":"https:\/\/www.cafiro.de\/rauchzeichen\/wp-json\/wp\/v2\/posts\/2005\/revisions"}],"predecessor-version":[{"id":8635,"href":"https:\/\/www.cafiro.de\/rauchzeichen\/wp-json\/wp\/v2\/posts\/2005\/revisions\/8635"}],"wp:attachment":[{"href":"https:\/\/www.cafiro.de\/rauchzeichen\/wp-json\/wp\/v2\/media?parent=2005"}],"wp:term":[{"taxonomy":"category","embeddable":true,"href":"https:\/\/www.cafiro.de\/rauchzeichen\/wp-json\/wp\/v2\/categories?post=2005"},{"taxonomy":"post_tag","embeddable":true,"href":"https:\/\/www.cafiro.de\/rauchzeichen\/wp-json\/wp\/v2\/tags?post=2005"}],"curies":[{"name":"wp","href":"https:\/\/api.w.org\/{rel}","templated":true}]}}