{"id":1999,"date":"2015-07-29T16:00:17","date_gmt":"2015-07-29T14:00:17","guid":{"rendered":"https:\/\/www.schornsteinmarkt.de\/rauchzeichen\/?p=1999"},"modified":"2023-01-27T13:46:22","modified_gmt":"2023-01-27T11:46:22","slug":"kaminoefen-droht-ihnen-in-stuttgart-im-winter-ein-betriebsverbot","status":"publish","type":"post","link":"https:\/\/www.cafiro.de\/rauchzeichen\/kaminoefen-droht-ihnen-in-stuttgart-im-winter-ein-betriebsverbot\/","title":{"rendered":"<b>Kamin\u00f6fen<\/b> &#8211; droht Ihnen in Stuttgart im Winter ein Betriebsverbot?"},"content":{"rendered":"<p><img loading=\"lazy\" decoding=\"async\" class=\"alignleft wp-image-2001 size-full linkmaske\" title=\"Kamin\u00f6fen - droht Ihnen in Stuttgart im Winter ein Betriebsverbot?\" src=\"\/rauchzeichen\/wp-content\/uploads\/2015\/07\/Schornstein-im-Winter-mit-Rauch.jpg\" alt=\"Schornstein mit Rauch auf schneebedecktem Dach\" width=\"702\" height=\"361\" data-id=\"post-link-1999\" srcset=\"https:\/\/www.cafiro.de\/rauchzeichen\/wp-content\/uploads\/2015\/07\/Schornstein-im-Winter-mit-Rauch.jpg 702w, https:\/\/www.cafiro.de\/rauchzeichen\/wp-content\/uploads\/2015\/07\/Schornstein-im-Winter-mit-Rauch-300x154.jpg 300w, https:\/\/www.cafiro.de\/rauchzeichen\/wp-content\/uploads\/2015\/07\/Schornstein-im-Winter-mit-Rauch-624x321.jpg 624w\" sizes=\"(max-width: 702px) 100vw, 702px\" \/><\/p>\n<p>Erst vor wenigen Tagen haben wir \u00fcber den aktuellen Stand der Verbrennungsverbote geschrieben. Nur kurze Zeit sp\u00e4ter hat die <a href=\"http:\/\/www.stuttgarter-zeitung.de\/inhalt.verkehr-in-stuttgart-feinstaub-alarm-soll-die-autofahrer-stoppen.124fa226-820f-48a0-89cd-12e6cffcca63.html\">Stuttgarter Zeitung<\/a> \u00fcber Pl\u00e4ne der baden-w\u00fcrttembergischen Landesregierung berichtet, die vorsehen, dass das Beheizen von Kamin\u00f6fen aufgrund der hohen Feinstaubbelastung in der Landeshauptstadt in den Wintermonaten verboten wird. Der wahre Hintergrund scheint jedoch nicht nur im Umweltschutz zu liegen.<!--more-->Umweltschutz und die Reduzierung der Feinstaubbelastung sollen vordergr\u00fcndig die Gesundheit der Menschen sch\u00fctzen. Doch vermutlich haben die geplanten Einschr\u00e4nkungen in Stuttgart auch handfeste finanzielle Gr\u00fcnde. Denn laut Angaben der Stuttgarter Zeitung drohen der Schwabenmetropole bei \u00dcberschreitung der von der EU vorgeschriebenen Grenzwerte f\u00fcr Feinstaub 6-stellige Strafzahlungen, und zwar t\u00e4glich.<\/p>\n<h2>Erst die Autofahrer, dann die Ofenbesitzer<\/h2>\n<p>Geplant ist zun\u00e4chst, die Bewohner in Stuttgart dazu zu animieren, an schadstoffreichen Tagen ihre Autos stehen zu lassen. Diese Bem\u00fchungen sollen bis 2017 anhalten. Sollten sich die Werte dann nicht verbessern, sind weitere Schritte angedacht. Auch <a href=\"\/kaminofen\/\" target=\"_blank\" rel=\"noopener noreferrer\">Kaminofen<\/a> &#8211; Besitzer sollen animiert werden, ihre &#8222;Komfort-Kamine&#8220;, die nicht zum Heizen, sondern nur &#8222;zum Erw\u00e4rmen und Erfreuen&#8220; genutzt werden, aus zu lassen.<\/p>\n<h3>Richtiger Ansatz?<\/h3>\n<p>Es ist wichtig, dass Ofenbesitzer wissen, wie sie mit ihrem Ofen umgehen m\u00fcssen, damit er weniger Feinstaub oder Kohlenmonoxid ausst\u00f6\u00dft. Allerdings ist fraglich, ob ein Verbot des Beheizens von Kamin\u00f6fen im Winter den erw\u00fcnschten Zweck erf\u00fcllt. Sicherlich sind Kamin\u00f6fen an sich nicht die beste M\u00f6glichkeit, um die W\u00e4rmeenergie bei der Holzverbrennung optimal zu nutzen. Holzvergaser oder <a class=\"kwic-link-replace\" href=\"https:\/\/www.cafiro.de\/holzherd\/\" >Holzherde<\/a> k\u00f6nnen z.B. weitaus h\u00f6here Wirkungsgrade erzielen als reine Kamin\u00f6fen. Gleiches gilt f\u00fcr wasserf\u00fchrende Modelle.<\/p>\n<p>Was wie in den meisten Debatten aber auch hier vermutlich zu kurz kommt, ist die Tatsache, dass alle neuen Kamin\u00f6fen die EU-Anforderungen an Emissionsaussto\u00df erf\u00fcllen und die geforderten Grenzwerte einhalten. Demnach w\u00e4re es denkbar, \u00e4hnlich wie bei der F\u00f6rderung von wasserf\u00fchrenden Feuerungsanlagen auch F\u00f6rderungen f\u00fcr den Neukauf von Holzfeuerungsanlagen allgemein einzuf\u00fchren, damit alte &#8222;Stinker&#8220; ausgetauscht werden.<\/p>\n<p>Zugleich m\u00fcssen Ofenbesitzer aber auch besser darin geschult werden, wie ein Holzofen optimal beheizt wird. Hier scheint immer noch gro\u00dfer Nachholbedarf zu bestehen. Zu oft wird z.B. zu feuchtes Holz verbrannt oder es werden<a title=\"Der Kaminofen \u2013 warum es doch zu warm wird\" href=\"\/rauchzeichen\/kaminofen-warum-es-doch-zu-warm-wird\/1130\"> falsch dimensionierte Kamin\u00f6fen gekauft, die kaum ausgelastet werden k\u00f6nnen<\/a>.<\/p>\n<p>Wie ein <a title=\"Feinstaub-Emissionen und CO2-Aussto\u00df im Vergleich \u2013 wo stehen Holzfeuerungsanlagen?\" href=\"\/rauchzeichen\/feinstaub-emissionen-und-co2-ausstoss-im-vergleich-wo-stehen-holzfeuerungsanlagen\/723\">Vergleich der Feinstaubemissionen gezeigt hat<\/a>, sind Holz\u00f6fen im Vergleich mit Industrieanlagen und dem Autoverkehr immer noch die kleineren Emittenden. Und warum sollte man gerade dort sofort mit Verboten arbeiten, anstatt zun\u00e4chst zur Optimierung beizutragen?<\/p>\n","protected":false},"excerpt":{"rendered":"<p>Erst vor wenigen Tagen haben wir \u00fcber den aktuellen Stand der Verbrennungsverbote geschrieben. Nur kurze Zeit sp\u00e4ter hat die Stuttgarter Zeitung \u00fcber Pl\u00e4ne der baden-w\u00fcrttembergischen Landesregierung berichtet, die vorsehen, dass das Beheizen von Kamin\u00f6fen aufgrund der hohen Feinstaubbelastung in der Landeshauptstadt in den Wintermonaten verboten wird. Der wahre Hintergrund scheint jedoch nicht nur im Umweltschutz [&hellip;]<\/p>\n","protected":false},"author":18,"featured_media":0,"comment_status":"open","ping_status":"open","sticky":false,"template":"","format":"standard","meta":{"footnotes":""},"categories":[111],"tags":[94,59],"_links":{"self":[{"href":"https:\/\/www.cafiro.de\/rauchzeichen\/wp-json\/wp\/v2\/posts\/1999"}],"collection":[{"href":"https:\/\/www.cafiro.de\/rauchzeichen\/wp-json\/wp\/v2\/posts"}],"about":[{"href":"https:\/\/www.cafiro.de\/rauchzeichen\/wp-json\/wp\/v2\/types\/post"}],"author":[{"embeddable":true,"href":"https:\/\/www.cafiro.de\/rauchzeichen\/wp-json\/wp\/v2\/users\/18"}],"replies":[{"embeddable":true,"href":"https:\/\/www.cafiro.de\/rauchzeichen\/wp-json\/wp\/v2\/comments?post=1999"}],"version-history":[{"count":8,"href":"https:\/\/www.cafiro.de\/rauchzeichen\/wp-json\/wp\/v2\/posts\/1999\/revisions"}],"predecessor-version":[{"id":8653,"href":"https:\/\/www.cafiro.de\/rauchzeichen\/wp-json\/wp\/v2\/posts\/1999\/revisions\/8653"}],"wp:attachment":[{"href":"https:\/\/www.cafiro.de\/rauchzeichen\/wp-json\/wp\/v2\/media?parent=1999"}],"wp:term":[{"taxonomy":"category","embeddable":true,"href":"https:\/\/www.cafiro.de\/rauchzeichen\/wp-json\/wp\/v2\/categories?post=1999"},{"taxonomy":"post_tag","embeddable":true,"href":"https:\/\/www.cafiro.de\/rauchzeichen\/wp-json\/wp\/v2\/tags?post=1999"}],"curies":[{"name":"wp","href":"https:\/\/api.w.org\/{rel}","templated":true}]}}