{"id":1771,"date":"2015-05-30T17:45:28","date_gmt":"2015-05-30T15:45:28","guid":{"rendered":"https:\/\/www.schornsteinmarkt.de\/rauchzeichen\/?p=1771"},"modified":"2023-01-27T13:02:00","modified_gmt":"2023-01-27T11:02:00","slug":"pelletpreisindex-kw222015-immer-noch-niedriges-niveau","status":"publish","type":"post","link":"https:\/\/www.cafiro.de\/rauchzeichen\/pelletpreisindex-kw222015-immer-noch-niedriges-niveau\/","title":{"rendered":"<b>Pelletpreisindex KW22\/2015<\/b> &#8211; immer noch niedriges Niveau"},"content":{"rendered":"<p><img loading=\"lazy\" decoding=\"async\" class=\"alignleft wp-image-1269 size-full linkmaske\" title=\"Pelletpreisindex KW22\/2015 - immer noch niedriges Niveau\" src=\"\/rauchzeichen\/wp-content\/uploads\/2015\/01\/Preisentwicklung-Holzpellets.jpg\" alt=\"Holzpellets mit Euro-Scheinen und Taschenrechner\" width=\"702\" height=\"361\" data-id=\"post-link-1771\" srcset=\"https:\/\/www.cafiro.de\/rauchzeichen\/wp-content\/uploads\/2015\/01\/Preisentwicklung-Holzpellets.jpg 702w, https:\/\/www.cafiro.de\/rauchzeichen\/wp-content\/uploads\/2015\/01\/Preisentwicklung-Holzpellets-300x154.jpg 300w, https:\/\/www.cafiro.de\/rauchzeichen\/wp-content\/uploads\/2015\/01\/Preisentwicklung-Holzpellets-624x321.jpg 624w\" sizes=\"(max-width: 702px) 100vw, 702px\" \/><\/p>\n<p>Wie jede Woche kommt auch heute unser aktueller Pelletpreisindex. Nachdem wir letzte Woche \u00fcber die Grenze zu unseren europ\u00e4ischen Nachbarn geblickt haben, schauen wir nun, ob es bei gleichbleibend niedrigem Niveau auch regionale und deutliche Preisunterschiede bei Holzpellets gibt. Dies w\u00e4re vor allem f\u00fcr Pelletofenbesitzer interessant, die an den Grenzen der Bundesl\u00e4nder wohnen und die dann von g\u00fcnstigeren Preisen im Nachbarbundesland profitieren k\u00f6nnen.<!--more--><\/p>\n<p>Auch Ende Mai hilft ein Blick auf den DEPV-Index, der zeigt, das Preise f\u00fcr Holzpellets auch weiterhin auf einem g\u00fcnstigen Niveau liegen und im Vergleich zum Vorjahr sogar 10 EUR weniger pro Tonne kosten.<\/p>\n<p>&nbsp;<\/p>\n<p><a href=\"\/rauchzeichen\/wp-content\/uploads\/2015\/05\/DEPV-Pelletpreisindex-Mai-2015.jpeg\" data-rel=\"lightbox-image-0\" data-rl_title=\"\" data-rl_caption=\"\" title=\"\"><img loading=\"lazy\" decoding=\"async\" class=\"aligncenter  wp-image-1772\" src=\"\/rauchzeichen\/wp-content\/uploads\/2015\/05\/DEPV-Pelletpreisindex-Mai-2015.jpeg\" alt=\"DEPV Pelletpreisindex Mai 2015\" width=\"582\" height=\"498\" srcset=\"https:\/\/www.cafiro.de\/rauchzeichen\/wp-content\/uploads\/2015\/05\/DEPV-Pelletpreisindex-Mai-2015.jpeg 506w, https:\/\/www.cafiro.de\/rauchzeichen\/wp-content\/uploads\/2015\/05\/DEPV-Pelletpreisindex-Mai-2015-300x257.jpeg 300w\" sizes=\"(max-width: 582px) 100vw, 582px\" \/><\/a>Der gleiche Trend wird auch die die 3-Jahres-Chart f\u00fcr Holzpelletpreise des Portals holzpellets.net best\u00e4tigt.<\/p>\n<p>&nbsp;<\/p>\n<p><a href=\"\/rauchzeichen\/wp-content\/uploads\/2015\/05\/holzpellets.net-3-Jahres-Chart-f\u00fcr-Holzpellets.jpeg\" data-rel=\"lightbox-image-1\" data-rl_title=\"\" data-rl_caption=\"\" title=\"\"><img loading=\"lazy\" decoding=\"async\" class=\"aligncenter  wp-image-1773\" src=\"\/rauchzeichen\/wp-content\/uploads\/2015\/05\/holzpellets.net-3-Jahres-Chart-f\u00fcr-Holzpellets.jpeg\" alt=\"holzpellets.net 3-Jahres-Chart f\u00fcr Holzpellets\" width=\"592\" height=\"359\" srcset=\"https:\/\/www.cafiro.de\/rauchzeichen\/wp-content\/uploads\/2015\/05\/holzpellets.net-3-Jahres-Chart-f\u00fcr-Holzpellets.jpeg 526w, https:\/\/www.cafiro.de\/rauchzeichen\/wp-content\/uploads\/2015\/05\/holzpellets.net-3-Jahres-Chart-f\u00fcr-Holzpellets-300x182.jpeg 300w\" sizes=\"(max-width: 592px) 100vw, 592px\" \/><\/a><\/p>\n<p>&nbsp;<\/p>\n<p>Wenn wir nun einzelne Bundesl\u00e4nder vergleichen, zeigt sich ein \u00e4hnliches Bild. Die Preisunterschiede zwischen den L\u00e4ndern k\u00f6nnen dabei bei mehr als 30 EUR pro Tonne liegen.<\/p>\n<h2>Pelletspreise in Berlin<\/h2>\n<p>Berlin ist bekannt f\u00fcr sein vergleichsweise g\u00fcnstiges Preisniveau im Vergleich zu anderen Bundesl\u00e4ndern. Diese Tatsache spiegelt sich auch bei den Kosten f\u00fcr Holzpellets wider.<\/p>\n<p>&nbsp;<\/p>\n<p><a href=\"\/rauchzeichen\/wp-content\/uploads\/2015\/05\/Pelletspreise-Berlin.jpeg\" data-rel=\"lightbox-image-2\" data-rl_title=\"\" data-rl_caption=\"\" title=\"\"><img loading=\"lazy\" decoding=\"async\" class=\"aligncenter  wp-image-1774\" src=\"\/rauchzeichen\/wp-content\/uploads\/2015\/05\/Pelletspreise-Berlin.jpeg\" alt=\"Pelletspreise Berlin\" width=\"690\" height=\"329\" srcset=\"https:\/\/www.cafiro.de\/rauchzeichen\/wp-content\/uploads\/2015\/05\/Pelletspreise-Berlin.jpeg 763w, https:\/\/www.cafiro.de\/rauchzeichen\/wp-content\/uploads\/2015\/05\/Pelletspreise-Berlin-300x143.jpeg 300w, https:\/\/www.cafiro.de\/rauchzeichen\/wp-content\/uploads\/2015\/05\/Pelletspreise-Berlin-624x298.jpeg 624w\" sizes=\"(max-width: 690px) 100vw, 690px\" \/><\/a>Hier geht der Trend im Vergleich zu den Vormonaten deutlich nach unten.<\/p>\n<h2>Pelletpreise in Nordrhein-Westfalen<\/h2>\n<p>In Nordrhein-Westfalen liegen die Pelletpreise h\u00f6her als in Berlin und etwas h\u00f6her als der vom DEPV ermittelte Bundesdurchschnitt.<\/p>\n<p>&nbsp;<\/p>\n<p><a href=\"\/rauchzeichen\/wp-content\/uploads\/2015\/05\/Pelletspreise-Nordrhein-Westfalen.jpeg\" data-rel=\"lightbox-image-3\" data-rl_title=\"\" data-rl_caption=\"\" title=\"\"><img loading=\"lazy\" decoding=\"async\" class=\"aligncenter  wp-image-1775\" src=\"\/rauchzeichen\/wp-content\/uploads\/2015\/05\/Pelletspreise-Nordrhein-Westfalen.jpeg\" alt=\"Pelletspreise Nordrhein-Westfalen\" width=\"690\" height=\"341\" srcset=\"https:\/\/www.cafiro.de\/rauchzeichen\/wp-content\/uploads\/2015\/05\/Pelletspreise-Nordrhein-Westfalen.jpeg 761w, https:\/\/www.cafiro.de\/rauchzeichen\/wp-content\/uploads\/2015\/05\/Pelletspreise-Nordrhein-Westfalen-300x148.jpeg 300w, https:\/\/www.cafiro.de\/rauchzeichen\/wp-content\/uploads\/2015\/05\/Pelletspreise-Nordrhein-Westfalen-624x308.jpeg 624w\" sizes=\"(max-width: 690px) 100vw, 690px\" \/><\/a><\/p>\n<h2>Pelletpreise Sachsen-Anhalt<\/h2>\n<p>In Sachsen-Anhalt kosten Pellets deutlich weniger als im Bundesdurchschnitt. F\u00fcr Pelletofenbesitzer im Nachbarbundesland k\u00f6nnte sich hier eventuell die Bestellung noch mehr lohnen.<\/p>\n<p>&nbsp;<\/p>\n<p><a href=\"\/rauchzeichen\/wp-content\/uploads\/2015\/05\/Pelletspreise-Sachsen-Anhalt.jpeg\" data-rel=\"lightbox-image-4\" data-rl_title=\"\" data-rl_caption=\"\" title=\"\"><img loading=\"lazy\" decoding=\"async\" class=\"aligncenter  wp-image-1776\" src=\"\/rauchzeichen\/wp-content\/uploads\/2015\/05\/Pelletspreise-Sachsen-Anhalt.jpeg\" alt=\"Pelletspreise Sachsen-Anhalt\" width=\"690\" height=\"346\" srcset=\"https:\/\/www.cafiro.de\/rauchzeichen\/wp-content\/uploads\/2015\/05\/Pelletspreise-Sachsen-Anhalt.jpeg 764w, https:\/\/www.cafiro.de\/rauchzeichen\/wp-content\/uploads\/2015\/05\/Pelletspreise-Sachsen-Anhalt-300x150.jpeg 300w, https:\/\/www.cafiro.de\/rauchzeichen\/wp-content\/uploads\/2015\/05\/Pelletspreise-Sachsen-Anhalt-624x313.jpeg 624w\" sizes=\"(max-width: 690px) 100vw, 690px\" \/><\/a><\/p>\n<h2>Pelletpreise in Baden-W\u00fcrttemberg<\/h2>\n<p>In Baden-W\u00fcrttemberg zeigen die Zahlen von holzpellets.net auch ein niedrigeres Preisniveau als das vom DEPV f\u00fcr die Bundesrepublik ermittelte. Dies mag auch damit zusammenh\u00e4ngen, dass in Baden-W\u00fcrttember viele Pelletproduzenten angesiedelt sind.<\/p>\n<p>&nbsp;<\/p>\n<p><a href=\"\/rauchzeichen\/wp-content\/uploads\/2015\/05\/Pelletspreise-Baden-W\u00fcrttemberg.jpeg\" data-rel=\"lightbox-image-5\" data-rl_title=\"\" data-rl_caption=\"\" title=\"\"><img loading=\"lazy\" decoding=\"async\" class=\"aligncenter  wp-image-1777\" src=\"\/rauchzeichen\/wp-content\/uploads\/2015\/05\/Pelletspreise-Baden-W\u00fcrttemberg.jpeg\" alt=\"Pelletspreise Baden-W\u00fcrttemberg\" width=\"690\" height=\"337\"><\/a><\/p>\n<h3>Fazit<\/h3>\n<p>Das Preisniveau f\u00fcr Holzpellets ist immer noch konstant niedrig. F\u00fcr Verbraucher kann sich der Blick ins Nachbarbundesland lohnen, um bei der Pelletbestellung noch den einen oder anderen Euro zus\u00e4tzlich einzusparen.<\/p>\n<p>&nbsp;<\/p>\n<p><strong>Quellen:<\/strong> <a href=\"http:\/\/www.holzpellets.net\">www.holzpellets.net<\/a> und <a href=\"http:\/\/depv.de\/\">DEPV<\/a><\/p>\n","protected":false},"excerpt":{"rendered":"<p>Wie jede Woche kommt auch heute unser aktueller Pelletpreisindex. Nachdem wir letzte Woche \u00fcber die Grenze zu unseren europ\u00e4ischen Nachbarn geblickt haben, schauen wir nun, ob es bei gleichbleibend niedrigem Niveau auch regionale und deutliche Preisunterschiede bei Holzpellets gibt. Dies w\u00e4re vor allem f\u00fcr Pelletofenbesitzer interessant, die an den Grenzen der Bundesl\u00e4nder wohnen und die [&hellip;]<\/p>\n","protected":false},"author":18,"featured_media":0,"comment_status":"open","ping_status":"open","sticky":false,"template":"","format":"standard","meta":{"footnotes":""},"categories":[111],"tags":[178,186],"_links":{"self":[{"href":"https:\/\/www.cafiro.de\/rauchzeichen\/wp-json\/wp\/v2\/posts\/1771"}],"collection":[{"href":"https:\/\/www.cafiro.de\/rauchzeichen\/wp-json\/wp\/v2\/posts"}],"about":[{"href":"https:\/\/www.cafiro.de\/rauchzeichen\/wp-json\/wp\/v2\/types\/post"}],"author":[{"embeddable":true,"href":"https:\/\/www.cafiro.de\/rauchzeichen\/wp-json\/wp\/v2\/users\/18"}],"replies":[{"embeddable":true,"href":"https:\/\/www.cafiro.de\/rauchzeichen\/wp-json\/wp\/v2\/comments?post=1771"}],"version-history":[{"count":3,"href":"https:\/\/www.cafiro.de\/rauchzeichen\/wp-json\/wp\/v2\/posts\/1771\/revisions"}],"predecessor-version":[{"id":8598,"href":"https:\/\/www.cafiro.de\/rauchzeichen\/wp-json\/wp\/v2\/posts\/1771\/revisions\/8598"}],"wp:attachment":[{"href":"https:\/\/www.cafiro.de\/rauchzeichen\/wp-json\/wp\/v2\/media?parent=1771"}],"wp:term":[{"taxonomy":"category","embeddable":true,"href":"https:\/\/www.cafiro.de\/rauchzeichen\/wp-json\/wp\/v2\/categories?post=1771"},{"taxonomy":"post_tag","embeddable":true,"href":"https:\/\/www.cafiro.de\/rauchzeichen\/wp-json\/wp\/v2\/tags?post=1771"}],"curies":[{"name":"wp","href":"https:\/\/api.w.org\/{rel}","templated":true}]}}