{"id":1477,"date":"2015-03-16T18:09:59","date_gmt":"2015-03-16T16:09:59","guid":{"rendered":"https:\/\/www.schornsteinmarkt.de\/rauchzeichen\/?p=1477"},"modified":"2023-01-27T12:59:34","modified_gmt":"2023-01-27T10:59:34","slug":"ish-2015-unser-ganz-persoenlicher-rueckblick","status":"publish","type":"post","link":"https:\/\/www.cafiro.de\/rauchzeichen\/ish-2015-unser-ganz-persoenlicher-rueckblick\/","title":{"rendered":"<b>ISH 2015<\/b> &#8211; Unser ganz pers\u00f6nlicher R\u00fcckblick"},"content":{"rendered":"<p><img loading=\"lazy\" decoding=\"async\" class=\"alignleft wp-image-1485 size-full linkmaske\" title=\"ISH 2015 - unser ganz pers\u00f6nlicher R\u00fcckblick\" src=\"\/rauchzeichen\/wp-content\/uploads\/2015\/03\/ISH-2015.jpg\" alt=\"ISH 2015 Impressionen\" width=\"702\" height=\"361\" data-id=\"post-link-1477\" srcset=\"https:\/\/www.cafiro.de\/rauchzeichen\/wp-content\/uploads\/2015\/03\/ISH-2015.jpg 702w, https:\/\/www.cafiro.de\/rauchzeichen\/wp-content\/uploads\/2015\/03\/ISH-2015-300x154.jpg 300w, https:\/\/www.cafiro.de\/rauchzeichen\/wp-content\/uploads\/2015\/03\/ISH-2015-624x321.jpg 624w\" sizes=\"(max-width: 702px) 100vw, 702px\" \/><\/p>\n<p>Alle Jahre wieder feuert die Branche Millionen von Euro in den Frankfurter Himmel, um die neuesten Produkte und Trends vorzustellen, sich selbst zu feiern und dem Konkurrenten mal so richtig aufs Fell schauen zu k\u00f6nnen. Sinnlos? Keineswegs! Wir waren nat\u00fcrlich da und haben uns zwei Tage in Halle 9.2\/ 9.3 aufgehalten. Wie zu erwarten, war es sehr warm und die Halle riesengro\u00df. Blasen an den F\u00fc\u00dfen und Schwei\u00df am R\u00fccken f\u00fcr diesen Artikel!<br \/>\n<!--more--><\/p>\n<p>&nbsp;<\/p>\n<p>Das Beste vorneweg. Die Branche ist doch nicht so tot wie es die letzten Monate h\u00e4tten vermuten lassen. Der niedrige \u00d6lpreis und der ausbleibende Winter haben vielen Herstellern und auch H\u00e4ndlern zugesetzt. Was wir auf der Messe aber an positiven Dingen erleben durften, macht Hoffnung.<\/p>\n<h2>Was bildet sich die Messegesellschaft eigentlich ein?<\/h2>\n<p>Der R\u00fcckblick startet mit einer Schelte auf die Messegesellschaft. Es ist f\u00fcr regelm\u00e4\u00dfige ISH-Besucher und -Aussteller seit Jahren ein Graus: Der besuchsoffene Samstag. Alle sind m\u00fcde und nach unendlichen Gespr\u00e4chen mit Gesch\u00e4ftspartnern sowie n\u00e4chtlichen Unternehmungen ziemlich ausgelaugt.<\/p>\n<p>&nbsp;<\/p>\n<p>Es ist okay, dass Endkunden auch auf eine Handelsmesse kommen k\u00f6nnen. Es ist definitiv nicht okay, wenn Sie daf\u00fcr nicht bezahlen sollen! Wir als Fachbesucher, Aussteller wie H\u00e4ndler, m\u00fcssen f\u00fcr alles bezahlen. Und die Messegesellschaft nimmt es dabei wirklich von den Toten.<\/p>\n<p>&nbsp;<\/p>\n<p>Um nun anscheinend neue Besucherrekorde zu vermelden, muss unbedingt ein kostenloser Sonntag her? Nein, muss er nicht.&nbsp;Wenn jemand ernsthaft lieber mit dem Hersteller als mit dem H\u00e4ndler sprechen m\u00f6chte, soll er daf\u00fcr bitte auch bezahlen. Die Konsequenz ist n\u00e4mlich, dass wir alle kostenfreien Eintritte subventionieren und die ohnehin f\u00fcr kleine Hersteller grenzwertige Veranstaltung nicht mehr finanzierbar bleibt.<\/p>\n<p>&nbsp;<\/p>\n<p>Das ist nicht gegen die Familien und Privatkunden gerichtet, welche die M\u00f6glichkeit des kostenlosen ISH-Besuchs auch 2015 zahlreich genutzt haben. Vielmehr sollte sich die Messegesellschaft einmal fragen, worin der Sinn dabei besteht.<\/p>\n<h2><strong>Das Highlight der Messehalle 9.2: der Kaminofen Leda Colona&nbsp; <\/strong><\/h2>\n<p>Genug gepoltert. Wir wollen uns dem f\u00fcr uns unangefochtenen Highlight widmen. Davon gibt es nat\u00fcrlich immer eine ganze Menge und je nach Betrachtung und Vorlieben hat jeder seine eigenen Messe-H\u00f6hepunkte.<\/p>\n<p>Es ist aber unser &#8222;pers\u00f6nlicher&#8220; R\u00fcckblick &#8211; also:<\/p>\n<p>&nbsp;<\/p>\n<p><a href=\"https:\/\/www.cafiro.de\/rauchzeichen\/wp-content\/uploads\/2015\/03\/Leda-Colona-Kaminofen.jpg\" data-rel=\"lightbox-image-0\" data-rl_title=\"\" data-rl_caption=\"\" title=\"\"><img loading=\"lazy\" decoding=\"async\" class=\"aligncenter size-full wp-image-1484\" src=\"https:\/\/www.cafiro.de\/rauchzeichen\/wp-content\/uploads\/2015\/03\/Leda-Colona-Kaminofen.jpg\" alt=\"Kaminofen Leda Colona auf der ISH 2015\" width=\"700\" height=\"361\" srcset=\"https:\/\/www.cafiro.de\/rauchzeichen\/wp-content\/uploads\/2015\/03\/Leda-Colona-Kaminofen.jpg 700w, https:\/\/www.cafiro.de\/rauchzeichen\/wp-content\/uploads\/2015\/03\/Leda-Colona-Kaminofen-300x155.jpg 300w, https:\/\/www.cafiro.de\/rauchzeichen\/wp-content\/uploads\/2015\/03\/Leda-Colona-Kaminofen-624x322.jpg 624w\" sizes=\"(max-width: 700px) 100vw, 700px\" \/><\/a>Wir kommen um die Ecke des Leda Standes. Und da steht ein ca. 1,8 Meter hoher, aus einzelnen Gussringen gefertiger Ofen mit Grundofenzulassung. Geringe Konvektion, hohe Strahlungsw\u00e4rme, lange Speicherdauer mit wenig Holz und eine Ausstrahlung wie kein Zweiter auf dieser Messe. Das ist das erste Mal, dass wir von Ausstrahlung im Zusammenhang mit einem Ofen schreiben. Aber der Leda Colona ist es: schlank und kraftvoll zugleich. F\u00fcr niedrigen und konstanten W\u00e4rmebedarf entwickelt, kalter Griff, rostlose Feuerung, verschiedene Farbauswahl.<\/p>\n<p>&nbsp;<\/p>\n<p>Und allein deshalb, weil es endlich einmal wieder ein Innovationstr\u00e4ger der Branche geschafft hat, einen Ofen zu kreieren, bei dem uns das Herz aufgeht, ist der Leda Colona unser Highlight. Danke f\u00fcr dieses Produkt!<\/p>\n<h3><strong>Die positiven \u00dcberraschungen<\/strong><\/h3>\n<p>Wir k\u00f6nnen nicht alle St\u00e4nde vorstellen, aber die besten seien nat\u00fcrlich erw\u00e4hnt.<br \/>\nDa ist zun\u00e4chst der Stand der umtriebigen Jungs von <strong>CB Stone Tec<\/strong>. Vorgestellt wurden hier mehrere neue Serien, die alle eines gemeinsam haben: Sie sind komplett mit Natursteinen verkleidet.<\/p>\n<p>&nbsp;<\/p>\n<p>Ab Herbst wird es wohl drei Serien geben: Kaminbauss\u00e4tze- also &#8222;Feueranschauglask\u00e4sten&#8220;, Kamin\u00f6fen und Speicherkamine. Vor allem die Speicherkaminen werden unserer Meinung nach gute Marktchancen haben, wenn die Hersteller den Endkunden endlich mal die Wahrheit \u00fcber gro\u00dfe Scheibenformate erz\u00e4hlen.<\/p>\n<p>&nbsp;<\/p>\n<p>Richtig Bewegung gibt es bei den Gaskaminen. Auf dem Stand von <strong>Dru<\/strong> wurde die neueste Entwicklung der Regelungstechnik vorgestellt. Das kann man unter sehr beeindruckend zusammenfassen. Mit den neuen Gaskaminen ist kein Unterschied mehr zu Holzfeuern auszumachen und es ist zudem m\u00f6glich, jede einzelne Flamme separat zu steuern und in einem Wellenprofil zu speichern. Das Flammenprofil ist dann jederzeit abrufbar.<\/p>\n<p>&nbsp;<\/p>\n<p><strong>Kutzner und Weber<\/strong>&#8211; die Marke f\u00fcr <a title=\"Zugbegrenzer \u2013 f\u00fcr Au\u00dfenschornsteine bekommt Zulassung\" href=\"https:\/\/www.cafiro.de\/rauchzeichen\/produktneuheit-zugbegrenzer-fuer-aussenschornsteine-bekommt-zulassung\/\">Zugbegrenzer<\/a>, Rauchsauger und Steuerungstechnik hatte wie immer einen kleinen Stand. Es kommen aber stetig Innovationen. Der bereits vor zwei Jahren vorgestellte Zugbegrenzer f\u00fcr doppelwandige Au\u00dfenwandkamine ist jetzt auch systemunabh\u00e4ngig einsetzbar. Bisher haben Sie nur an Raab Schornsteine gepasst.<\/p>\n<p>&nbsp;<\/p>\n<p>Bei <strong>MCZ<\/strong> gibt es jedes Jahr Neuerungen. So auch dieses Mal. Insgesamt wurden vier neue Pellet\u00f6fen vorgestellt. Diese sind eher schlicht gehalten und haben alle die <a title=\"MCZ 2.0 \u2013 die neuen Pellet\u00f6fen 2014\" href=\"https:\/\/www.cafiro.de\/rauchzeichen\/mcz-2-0-die-neuen-pelletoefen-2014\/\">2.0 Technologie<\/a>. Als MCZ-Fans und -H\u00e4ndler waren wir trotzdem irgendwie nicht vollkommen \u00fcberw\u00e4ltigt. Das kann aber auch am letzten Messetag gelegen haben.<\/p>\n<h4><strong>Die No-Gos<\/strong><\/h4>\n<p>\u00dcber Firmen wie <strong>Wamsler und Haas &amp; Sohn<\/strong> zu sprechen, verbietet sich eigentlich. Klar haben die auch ihre Kundschaft. Aber sie fischen in einem Teich von hunderttausend gleichen Produktvarianten. Frei nach dem Motto: Ein Kaminofen ist ein Kaminofen ist ein Kaminofen. Innovation geht anders.<\/p>\n<p>&nbsp;<\/p>\n<p>Wirklich \u00fcberrascht und zwar im negativen Sinn hat uns die gef\u00fchlt hundertste Kopie des Erfolgsmodells &#8222;Elements&#8220; von <strong>Skantherm<\/strong>. Bei Skanderborg sehen wir das noch ein. Aber warum macht es ein so innovatives Unternehmen wie <strong>Olsberg<\/strong> nicht anders? Fertigungs- und ausstattungstechnisch spielt Skantherm mit diesem Modell sowieso in einer anderen Liga. Die Kopie der Kopie braucht kein Mensch. Nur der Vollst\u00e4ndigkeit halber: Versuche in diese Richtung sind auch bei <strong>CB Stone Tec<\/strong> sichtbar gewesen. Dort aber wenigstens mit einer sehenswerten Natursteinfassade.<\/p>\n<p>&nbsp;<\/p>\n<p>Erst auf der R\u00fcckfahrt ist uns der Fehltritt von Olsberg so richtig bewusst geworden. Wir waren schon einigerma\u00dfen geschafft, als wir bei Olsberg gelandet sind und haben es zun\u00e4chst gar nicht so richtig realisiert.<\/p>\n<p>&nbsp;<\/p>\n<p>Vor uns stand ein 2 Meter hoher Ofen, der einen Umfang von einem Sumoringer hatte. Ein echtes &#8222;Ofenmonster&#8220; mit einem riesigen Brennraum. Das Positive ist das hohe Gewicht von ca. 500 Kilogramm und eine hohe Strahlungsfl\u00e4che. Die Fragen, die sich aber stellen sind: Wer will solch einen Ofen im 30 Quadratmeter gro\u00dfen Wohnzimmer aufstellen und warum schaffen es andere Hersteller mit schlankeren \u00d6fen gleiche Heiz- und Speicherleistungen zu erzielen?<\/p>\n<h4>Unser knappes Fazit<\/h4>\n<p><strong>Rika<\/strong> macht auf jeder Messe den gleichen Fehler. Die Mitarbeiter reden nicht auf Augenh\u00f6he mit den Besuchern. Wenn es das erste Mal gewesen w\u00e4re, dass jemand auf dem Rika-Stand derart arrogant agiert, h\u00e4tten wir es noch als Messekoller abgetan. Es ist aber bereits das dritte Mal, dass uns jemand erkl\u00e4ren will, wie ein Ofen funktioniert und warum alle anderen Hersteller nicht gut sind. Unsere Frage: Rika &#8211; Seid ihr die Besten?<\/p>\n<p>&nbsp;<\/p>\n<p>Ausdr\u00fccklich und mit Absicht nicht beleuchtet (soviel fehlende Unabh\u00e4ngigkeit muss sein) sind <strong>Spartherm<\/strong>, <strong><a class=\"kwic-link-replace\" href=\"https:\/\/www.cafiro.de\/kaminbausatz-nordpeis\/\" >Nordpeis<\/a><\/strong> (ihr wisst warum). Aufgrund der enormen Gr\u00f6\u00dfe der Halle haben wir es au\u00dferdem leider nicht auch noch zu weiteren Herstellern geschafft.<\/p>\n<p>&nbsp;<\/p>\n<p>Wir freuen uns aber auf ein Wiedersehen 2016 in Verona und 2017 in Frankfurt.<\/p>\n<p>&nbsp;<\/p>\n<p>Bildquellen:<\/p>\n<p>\u00a9 Beitragsbild: eigene Aufnahme<\/p>\n<p>\u00a9 Titelbild: Messe Frankfurt Exhibition GmbH \/ Jens Liebchen<\/p>\n<p>&nbsp;<\/p>\n","protected":false},"excerpt":{"rendered":"<p>Alle Jahre wieder feuert die Branche Millionen von Euro in den Frankfurter Himmel, um die neuesten Produkte und Trends vorzustellen, sich selbst zu feiern und dem Konkurrenten mal so richtig aufs Fell schauen zu k\u00f6nnen. Sinnlos? Keineswegs! Wir waren nat\u00fcrlich da und haben uns zwei Tage in Halle 9.2\/ 9.3 aufgehalten. Wie zu erwarten, war [&hellip;]<\/p>\n","protected":false},"author":1,"featured_media":0,"comment_status":"open","ping_status":"open","sticky":false,"template":"","format":"standard","meta":{"footnotes":""},"categories":[51],"tags":[166],"_links":{"self":[{"href":"https:\/\/www.cafiro.de\/rauchzeichen\/wp-json\/wp\/v2\/posts\/1477"}],"collection":[{"href":"https:\/\/www.cafiro.de\/rauchzeichen\/wp-json\/wp\/v2\/posts"}],"about":[{"href":"https:\/\/www.cafiro.de\/rauchzeichen\/wp-json\/wp\/v2\/types\/post"}],"author":[{"embeddable":true,"href":"https:\/\/www.cafiro.de\/rauchzeichen\/wp-json\/wp\/v2\/users\/1"}],"replies":[{"embeddable":true,"href":"https:\/\/www.cafiro.de\/rauchzeichen\/wp-json\/wp\/v2\/comments?post=1477"}],"version-history":[{"count":13,"href":"https:\/\/www.cafiro.de\/rauchzeichen\/wp-json\/wp\/v2\/posts\/1477\/revisions"}],"predecessor-version":[{"id":8593,"href":"https:\/\/www.cafiro.de\/rauchzeichen\/wp-json\/wp\/v2\/posts\/1477\/revisions\/8593"}],"wp:attachment":[{"href":"https:\/\/www.cafiro.de\/rauchzeichen\/wp-json\/wp\/v2\/media?parent=1477"}],"wp:term":[{"taxonomy":"category","embeddable":true,"href":"https:\/\/www.cafiro.de\/rauchzeichen\/wp-json\/wp\/v2\/categories?post=1477"},{"taxonomy":"post_tag","embeddable":true,"href":"https:\/\/www.cafiro.de\/rauchzeichen\/wp-json\/wp\/v2\/tags?post=1477"}],"curies":[{"name":"wp","href":"https:\/\/api.w.org\/{rel}","templated":true}]}}